{"id":1514,"date":"2022-01-31T11:40:44","date_gmt":"2022-01-31T11:40:44","guid":{"rendered":"https:\/?p=1514"},"modified":"2022-01-31T11:40:47","modified_gmt":"2022-01-31T11:40:47","slug":"una-storia-speciale-sergio-mazzotti-2","status":"publish","type":"post","link":"https:\/\/fondazioneaureliobeltrami.org\/index.php\/2022\/01\/31\/una-storia-speciale-sergio-mazzotti-2\/","title":{"rendered":"ECCO I VINCITORI DELLE BORSE DI STUDIO 2021,  PREPARATEVI ALLE PROSSIME BORSE !"},"content":{"rendered":"<p>[et_pb_section fb_built=&#8221;1&#8243; _builder_version=&#8221;3.22&#8243; global_colors_info=&#8221;{}&#8221;][et_pb_row _builder_version=&#8221;3.25&#8243; global_colors_info=&#8221;{}&#8221;][et_pb_column type=&#8221;4_4&#8243; _builder_version=&#8221;3.25&#8243; custom_padding=&#8221;|||&#8221; global_colors_info=&#8221;{}&#8221; custom_padding__hover=&#8221;|||&#8221;][et_pb_text admin_label=&#8221;Testo&#8221; _builder_version=&#8221;4.10.7&#8243; hover_enabled=&#8221;0&#8243; global_colors_info=&#8221;{}&#8221; sticky_enabled=&#8221;0&#8243;]<\/p>\n<p>Grazie anche alle generose donazioni degli ex borsisti, nel 2021 si sono potute erogare ben 9 borse di studio da 2800\u20ac.<\/p>\n<p>La selezione \u00e8 stata molto difficile poich\u00e9 i <em>curricula<\/em> dei candidati erano tutti molto validi; ma \u00e8 stata anche entusiasmante perch\u00e9 \u00a0i colloqui, quest&#8217;anno finalmente in presenza, ci hanno permesso di incontrare giovani donne e uomini brillanti, coraggiosi e molto in gamba con\u00a0 le loro ricche e varie storie personali e familiari.\u00a0<\/p>\n<p>Complimenti e auguri\u00a0 ai vincitori e\u00a0 a tutti i candidati !<\/p>\n<p><strong>Tutti gli interessati, compresi i vincitori di quest&#8217;anno, si preparino per fare domanda per il bando che uscir\u00e0 nel settembre 2022 <\/strong><\/p>\n<p>Ecco i vincitori:<\/p>\n<p>Gerardo CICALESE \u2013 1\u00b0 anno magistrale di Music and Acoustic Engineering-PoliMi (CR)<\/p>\n<p>Giorgia FUCETOLA \u2013 1\u00b0 anno Ing. Energetica \u2013 PoliMi<\/p>\n<p>Orith HALFON \u2013 1\u00b0 anno magistrale Biomedical Engineering- PoliMi<\/p>\n<p>Fabio MORELLI \u2013 2\u00b0 anno magistrale Ing. Biomedica \u2013 PoliMi<\/p>\n<p>Jessica MUSTALI \u2013 1\u00b0 anno magistrale Ing. Biomedica \u2013 PoliMi<\/p>\n<p>Francesco PISACANE \u2013 1\u00b0 anno Ing. dell\u2019Automazione \u2013 PoliMi<\/p>\n<p>Domenico POPOLIZIO \u2013 2\u00b0 anno Ing. Informatica \u2013 PoliMi<\/p>\n<p>Ashwinder SINGH \u2013 1\u00b0 anno Ing. Informatica \u2013 PoliMi (CR)<\/p>\n<p>Latif TERZIU \u2013 1\u00b0 anno Ing. Informatica \u2013 PoliMi<\/p>\n<p>[\/et_pb_text][\/et_pb_column][\/et_pb_row][\/et_pb_section]<\/p>\n","protected":false},"excerpt":{"rendered":"<p>Grazie anche alle generose donazioni degli ex borsisti, nel 2021 si sono potute erogare ben 9 borse di studio da 2800\u20ac. La selezione \u00e8 stata molto difficile poich\u00e9 i curricula dei candidati erano tutti molto validi; ma \u00e8 stata anche entusiasmante perch\u00e9 \u00a0i colloqui, quest&#8217;anno finalmente in presenza, ci hanno permesso di incontrare giovani donne [&hellip;]<\/p>\n","protected":false},"author":708,"featured_media":0,"comment_status":"closed","ping_status":"open","sticky":false,"template":"","format":"standard","meta":{"_et_pb_use_builder":"on","_et_pb_old_content":"","_et_gb_content_width":"","footnotes":""},"categories":[1],"tags":[],"class_list":["post-1514","post","type-post","status-publish","format-standard","hentry","category-uncategorized"],"_links":{"self":[{"href":"https:\/\/fondazioneaureliobeltrami.org\/index.php\/wp-json\/wp\/v2\/posts\/1514","targetHints":{"allow":["GET"]}}],"collection":[{"href":"https:\/\/fondazioneaureliobeltrami.org\/index.php\/wp-json\/wp\/v2\/posts"}],"about":[{"href":"https:\/\/fondazioneaureliobeltrami.org\/index.php\/wp-json\/wp\/v2\/types\/post"}],"author":[{"embeddable":true,"href":"https:\/\/fondazioneaureliobeltrami.org\/index.php\/wp-json\/wp\/v2\/users\/708"}],"replies":[{"embeddable":true,"href":"https:\/\/fondazioneaureliobeltrami.org\/index.php\/wp-json\/wp\/v2\/comments?post=1514"}],"version-history":[{"count":5,"href":"https:\/\/fondazioneaureliobeltrami.org\/index.php\/wp-json\/wp\/v2\/posts\/1514\/revisions"}],"predecessor-version":[{"id":1520,"href":"https:\/\/fondazioneaureliobeltrami.org\/index.php\/wp-json\/wp\/v2\/posts\/1514\/revisions\/1520"}],"wp:attachment":[{"href":"https:\/\/fondazioneaureliobeltrami.org\/index.php\/wp-json\/wp\/v2\/media?parent=1514"}],"wp:term":[{"taxonomy":"category","embeddable":true,"href":"https:\/\/fondazioneaureliobeltrami.org\/index.php\/wp-json\/wp\/v2\/categories?post=1514"},{"taxonomy":"post_tag","embeddable":true,"href":"https:\/\/fondazioneaureliobeltrami.org\/index.php\/wp-json\/wp\/v2\/tags?post=1514"}],"curies":[{"name":"wp","href":"https:\/\/api.w.org\/{rel}","templated":true}]}}