{"id":1475,"date":"2021-11-15T12:26:07","date_gmt":"2021-11-15T12:26:07","guid":{"rendered":"https:\/?p=1475"},"modified":"2021-11-15T12:37:27","modified_gmt":"2021-11-15T12:37:27","slug":"una-storia-speciale-sergio-mazzotti","status":"publish","type":"post","link":"https:\/\/fondazioneaureliobeltrami.org\/index.php\/2021\/11\/15\/una-storia-speciale-sergio-mazzotti\/","title":{"rendered":"UNA STORIA MOLTO SPECIALE!"},"content":{"rendered":"<p>[et_pb_section fb_built=&#8221;1&#8243; _builder_version=&#8221;3.22&#8243; global_colors_info=&#8221;{}&#8221;][et_pb_row _builder_version=&#8221;3.25&#8243; global_colors_info=&#8221;{}&#8221;][et_pb_column type=&#8221;4_4&#8243; _builder_version=&#8221;3.25&#8243; custom_padding=&#8221;|||&#8221; global_colors_info=&#8221;{}&#8221; custom_padding__hover=&#8221;|||&#8221;][et_pb_text admin_label=&#8221;Testo&#8221; _builder_version=&#8221;4.10.7&#8243; global_colors_info=&#8221;{}&#8221;]<\/p>\n<p><em>Quella che segue \u00e8 una lettera che ha scritto SERGIO MAZZOTTI,\u00a0 antico allievo dell&#8217;Istituto Radiotecnico Beltrami alla nostra segreteria. <\/em><\/p>\n<p><em>La pubblichiamo con il suo permesso\u00a0 e con un po\u2019 di emozione <\/em><\/p>\n<p>&nbsp;<\/p>\n<p>Sig.ra Chiara,\u00a0 buon giorno!<\/p>\n<p>Si chieder\u00e0 forse, chi \u00e8 \u00a0questo tipo strano che la contatta da un paese africano (l&#8217;Etiopia) e soprattutto cosa potr\u00e0 \u00a0volere&#8230;<\/p>\n<p>Beh&#8230;iniziamo col dire che mi chiamo Sergio Giulio Antonio MAZZOTTI (si, \u00a0ho tre nomi, \u00a0il mio pap\u00e0 si chiamava Ernesto e la mia mamma Liliana Budini) e che ho appena compiuto 78 anni e che mi sono trasferito in questo paese, l&#8217;Etiopia, da qualche tempo. E che naturalmente mi sono diplomato col carissimo Ing. Aurelio (e sua moglie Amalia, se mi ricordo bene la mia prof di matematica che, \u00a0mi\/ci scusi il termine, cazziava sempre se facevo\/facevamo degli errori nei vari calcoli) e con i quali mi sono diplomato (di \u00a0qui la mia richiesta) nell&#8217;anno ?? \u00a0Mi ricordo solo che poco dopo l&#8217;esame di stato, i vari festeggiamenti, \u00a0ecc ecc, l&#8217;ing. Aurelio ci chiam\u00f2 uno per uno a casa e ci &#8220;ordin\u00f2&#8221; di tornare in classe per un supplemento di necessaria istruzione, dovuto, e questo me lo ricordo benissimo, alla introduzione delle nuovissime antenne HORN REFLECTORS che noi freschi diplomati, avremmo immediatamente studiare.<\/p>\n<p>WOW!!\u00a0 non mi dimenticher\u00f2 mai di quella incredibile coppia che ci considerava loro &#8220;figli&#8221; e che tanto si preoccupava del nostro futuro. Mi ricordo anche che un giorno fummo intervistati (ancora molto prima dell&#8217;esame finale) da rappresentanti di varie aziende e come fummo &#8220;assunti&#8221; mooolto prima del tanto sognato diploma. \u00a0Io fui assunto dalla LABEN, azienda della Montecatini Edison che si occupava di elettronica avanzata. Nostro fu uno dei primo calcolatori italiani, \u00a0il Laben 70, nostri i sistemi di radio controllo dei primi satelliti lanciati dal deserto australiano con il programma ESRO\/ELDO, e tanti altri incredibili progetti a cui partecipai con entusiasmo&#8230;<\/p>\n<p>Fui successivamente letteralmente strappato alla LABEN dalla Philips Italia e portato via a conoscere il nord della Germania e da qui appresi a vivere nel modo fiero di essere della stirpe <strong><em>romana (quelli antichi..ehh) ,<\/em><\/strong> migliore di quella che poi fu chiamata <strong><em>italiana.<\/em><\/strong><\/p>\n<p><strong><em>Vabb\u00e9, <\/em><\/strong>mi scuso per averla coinvolta in ricordi tanto personali, ma tant&#8217;\u00e8, l&#8217;ing. Aurelio da lass\u00f9 sar\u00e0 sicuramente orgoglioso.<\/p>\n<p>HO UN GRANDE FAVORE da chiedere:secondo lei \u00e8 ancora possibile avere una COPIA del mio diploma, in che anno? tra il 60 e il 65\u00a0 credo&#8230;.sono solo quasi 60 anni fa&#8230;hahahahah&#8230;<\/p>\n<p>Nel caso fosse possibile inviarmi (qualsiasi costo mi andr\u00e0 \u00a0benissimo..) una copia &#8220;originale&#8221; mi farebbe felicissimo oltre a essere orgoglioso di presentarla all&#8217;ufficio etiope competente che sta analizzando la mia<strong> &#8220;<em>esperienza&#8221;<\/em>, perch\u00e9 \u00a0qui sono stato &#8220;assunto&#8221; se possiamo dirlo <\/strong>da un mio amico etiope con il quale stiamo portando avanti un progetto un p\u00f2 pazzo per migliorare la vita di tanti poveri cristi (scusi) che coltivano il caff\u00e8,\u00a0 quello nostro, l&#8217;etiope, uno dei migliori del mondo, \u00a0e che ricevono una paga, se si pu\u00f2 chiamarla cos\u00ec, di ben 30\/50 $ al mese.<\/p>\n<p>La ringrazio tanto per la pazienza e spero veramente di potere essere esaudito.<\/p>\n<p>Graaaaazie!!! Sergio<\/p>\n<p>[\/et_pb_text][\/et_pb_column][\/et_pb_row][\/et_pb_section]<\/p>\n","protected":false},"excerpt":{"rendered":"<p>Quella che segue \u00e8 una lettera che ha scritto SERGIO MAZZOTTI,\u00a0 antico allievo dell&#8217;Istituto Radiotecnico Beltrami alla nostra segreteria. La pubblichiamo con il suo permesso\u00a0 e con un po\u2019 di emozione &nbsp; Sig.ra Chiara,\u00a0 buon giorno! Si chieder\u00e0 forse, chi \u00e8 \u00a0questo tipo strano che la contatta da un paese africano (l&#8217;Etiopia) e soprattutto cosa [&hellip;]<\/p>\n","protected":false},"author":625,"featured_media":0,"comment_status":"closed","ping_status":"open","sticky":false,"template":"","format":"standard","meta":{"_et_pb_use_builder":"on","_et_pb_old_content":"","_et_gb_content_width":"","footnotes":""},"categories":[1],"tags":[],"class_list":["post-1475","post","type-post","status-publish","format-standard","hentry","category-uncategorized"],"_links":{"self":[{"href":"https:\/\/fondazioneaureliobeltrami.org\/index.php\/wp-json\/wp\/v2\/posts\/1475","targetHints":{"allow":["GET"]}}],"collection":[{"href":"https:\/\/fondazioneaureliobeltrami.org\/index.php\/wp-json\/wp\/v2\/posts"}],"about":[{"href":"https:\/\/fondazioneaureliobeltrami.org\/index.php\/wp-json\/wp\/v2\/types\/post"}],"author":[{"embeddable":true,"href":"https:\/\/fondazioneaureliobeltrami.org\/index.php\/wp-json\/wp\/v2\/users\/625"}],"replies":[{"embeddable":true,"href":"https:\/\/fondazioneaureliobeltrami.org\/index.php\/wp-json\/wp\/v2\/comments?post=1475"}],"version-history":[{"count":9,"href":"https:\/\/fondazioneaureliobeltrami.org\/index.php\/wp-json\/wp\/v2\/posts\/1475\/revisions"}],"predecessor-version":[{"id":1488,"href":"https:\/\/fondazioneaureliobeltrami.org\/index.php\/wp-json\/wp\/v2\/posts\/1475\/revisions\/1488"}],"wp:attachment":[{"href":"https:\/\/fondazioneaureliobeltrami.org\/index.php\/wp-json\/wp\/v2\/media?parent=1475"}],"wp:term":[{"taxonomy":"category","embeddable":true,"href":"https:\/\/fondazioneaureliobeltrami.org\/index.php\/wp-json\/wp\/v2\/categories?post=1475"},{"taxonomy":"post_tag","embeddable":true,"href":"https:\/\/fondazioneaureliobeltrami.org\/index.php\/wp-json\/wp\/v2\/tags?post=1475"}],"curies":[{"name":"wp","href":"https:\/\/api.w.org\/{rel}","templated":true}]}}